{"id":374,"date":"2019-10-31T18:56:40","date_gmt":"2019-10-31T18:56:40","guid":{"rendered":"http:\/\/ayuntamientodeprogreso.gob.mx\/contraloria\/?p=374"},"modified":"2019-11-13T14:54:02","modified_gmt":"2019-11-13T14:54:02","slug":"declaraciones-patrimoniales-tercer-trimestre","status":"publish","type":"post","link":"https:\/\/ayuntamientodeprogreso.gob.mx\/contraloria\/2019\/10\/31\/declaraciones-patrimoniales-tercer-trimestre\/","title":{"rendered":"Declaraciones Patrimoniales Tercer Trimestre"},"content":{"rendered":"<p>REGIDORES<\/p>\n<p><a href=\"http:\/\/ayuntamientodeprogreso.gob.mx\/contraloria\/wp-content\/uploads\/2019\/10\/FRANKLIN-ANTONIO-FRANCO-S\u00c1NCHEZ.pdf\">FRANKLIN ANTONIO FRANCO S\u00c1NCHEZ\u00a0<\/a> <a href=\"http:\/\/ayuntamientodeprogreso.gob.mx\/contraloria\/wp-content\/uploads\/2019\/10\/GUADALUPE-IVONE-RASSAM-JIM\u00c9NEZ.pdf\">GUADALUPE IVONE RASSAM JIM\u00c9NEZ<\/a>\u00a0\u00a0<a href=\"http:\/\/ayuntamientodeprogreso.gob.mx\/contraloria\/wp-content\/uploads\/2019\/10\/JORGE-CARLOS-ANATOLIO-M\u00c9NDEZ-BASTO.pdf\">JORGE CARLOS ANATOLIO M\u00c9NDEZ BASTO<\/a>\u00a0\u00a0<a href=\"http:\/\/ayuntamientodeprogreso.gob.mx\/contraloria\/wp-content\/uploads\/2019\/10\/JULIAN-ZACAR\u00cdAS-CURI.pdf\">JULIAN ZACAR\u00cdAS CURI<\/a>\u00a0\u00a0<a href=\"http:\/\/ayuntamientodeprogreso.gob.mx\/contraloria\/wp-content\/uploads\/2019\/10\/LUIS-ARMANDO-REYES-MALDONADO.pdf\">LUIS ARMANDO REYES MALDONADO<\/a>\u00a0\u00a0<a href=\"http:\/\/ayuntamientodeprogreso.gob.mx\/contraloria\/wp-content\/uploads\/2019\/10\/PATRICIA-DEL-PILAR-SAURI-BARROSO.pdf\">PATRICIA DEL PILAR SAURI BARROSO<\/a>\u00a0\u00a0<a href=\"http:\/\/ayuntamientodeprogreso.gob.mx\/contraloria\/wp-content\/uploads\/2019\/10\/VER\u00d3NICA-GORETTY-IRIGOYEN-OCAMPO.pdf\">VER\u00d3NICA GORETTY IRIGOYEN OCAMPO<\/a><\/p>\n<p>&nbsp;<\/p>\n<p>DIRECTORES<\/p>\n<p><a href=\"http:\/\/ayuntamientodeprogreso.gob.mx\/contraloria\/wp-content\/uploads\/2019\/10\/ALI-YAMIL-DIB-MU\u00d1OZ.pdf\">ALI YAMIL DIB MU\u00d1OZ\u00a0<\/a> <a href=\"http:\/\/ayuntamientodeprogreso.gob.mx\/contraloria\/wp-content\/uploads\/2019\/10\/CAROLINA-DE-F\u00c1TIMA-JIMENEZ-TEC.pdf\">CAROLINA DE F\u00c1TIMA JIMENEZ TEC<\/a>\u00a0\u00a0<a href=\"http:\/\/ayuntamientodeprogreso.gob.mx\/contraloria\/wp-content\/uploads\/2019\/10\/DIANELA-DEL-CARMEN-NU\u00d1EZ-CASTRO.pdf\">DIANELA DEL CARMEN NU\u00d1EZ CASTRO<\/a> <a href=\"http:\/\/ayuntamientodeprogreso.gob.mx\/contraloria\/wp-content\/uploads\/2019\/10\/DULCE-MAR\u00cdA-SOBERANIS-GAMBOA.pdf\">\u00a0DULCE MAR\u00cdA SOBERANIS GAMBOA<\/a>\u00a0\u00a0<a href=\"http:\/\/ayuntamientodeprogreso.gob.mx\/contraloria\/wp-content\/uploads\/2019\/10\/ELVIA-MARGARITA-GONZ\u00c1LEZ-PALOMO.pdf\">ELVIA MARGARITA GONZ\u00c1LEZ PALOMO<\/a>\u00a0\u00a0<a href=\"http:\/\/ayuntamientodeprogreso.gob.mx\/contraloria\/wp-content\/uploads\/2019\/10\/EMILIO-JAVIER-G\u00d3NGORA-ORTEG\u00d3N.pdf\">EMILIO JAVIER G\u00d3NGORA ORTEG\u00d3N<\/a>\u00a0\u00a0<a href=\"http:\/\/ayuntamientodeprogreso.gob.mx\/contraloria\/wp-content\/uploads\/2019\/10\/ERIC-JHONATHAN-CASTILLO-ROMERO.pdf\">ERIC JHONATHAN CASTILLO ROMERO<\/a>\u00a0\u00a0<a href=\"http:\/\/ayuntamientodeprogreso.gob.mx\/contraloria\/wp-content\/uploads\/2019\/10\/FELIPE-DE-JES\u00daS-PECH-GONZALEZ.pdf\">FELIPE DE JES\u00daS PECH GONZALEZ<\/a>\u00a0\u00a0<a href=\"http:\/\/ayuntamientodeprogreso.gob.mx\/contraloria\/wp-content\/uploads\/2019\/10\/HARLY-VANESSA-ALCAL\u00c1-D\u00cdAZ-MODIFICACI\u00d3N.pdf\">HARLY VANESSA ALCAL\u00c1 D\u00cdAZ MODIFICACI\u00d3N<\/a>\u00a0\u00a0<a href=\"http:\/\/ayuntamientodeprogreso.gob.mx\/contraloria\/wp-content\/uploads\/2019\/10\/HARLY-VANESSA-ALCAL\u00c1-D\u00cdAZ.pdf\">HARLY VANESSA ALCAL\u00c1 D\u00cdAZ<\/a>\u00a0\u00a0<a href=\"http:\/\/ayuntamientodeprogreso.gob.mx\/contraloria\/wp-content\/uploads\/2019\/10\/YANINA-KARELLY-ENCALADA-VILLANUEVA.pdf\">YANINA KARELLY ENCALADA VILLANUEVA<\/a><\/p>\n<p>&nbsp;<\/p>\n<p>SUBDIRECTORES<\/p>\n<p><a href=\"http:\/\/ayuntamientodeprogreso.gob.mx\/contraloria\/wp-content\/uploads\/2019\/10\/ABRAHAM-ELIAS-CUEVAS-MEDINA.pdf\">ABRAHAM ELIAS CUEVAS MEDINA<\/a> <a href=\"http:\/\/ayuntamientodeprogreso.gob.mx\/contraloria\/wp-content\/uploads\/2019\/10\/ANDR\u00c9S-FELIPE-GONZ\u00c1LEZ-D\u00cdAZ.pdf\">ANDR\u00c9S FELIPE GONZ\u00c1LEZ D\u00cdAZ<\/a> <a href=\"http:\/\/ayuntamientodeprogreso.gob.mx\/contraloria\/wp-content\/uploads\/2019\/10\/AUDREY-ESTHER-WOLLEY-MALDONADO.pdf\">AUDREY ESTHER WOLLEY MALDONADO<\/a> <a href=\"http:\/\/ayuntamientodeprogreso.gob.mx\/contraloria\/wp-content\/uploads\/2019\/10\/CARLOS-ALBERTO-SAENZ-S\u00c1NCHEZ.pdf\">CARLOS ALBERTO SAENZ S\u00c1NCHEZ<\/a> <a href=\"http:\/\/ayuntamientodeprogreso.gob.mx\/contraloria\/wp-content\/uploads\/2019\/10\/CARLOS-MART\u00cdN-P\u00c9REZ-VIDAL.pdf\">CARLOS MART\u00cdN P\u00c9REZ VIDAL<\/a> <a href=\"http:\/\/ayuntamientodeprogreso.gob.mx\/contraloria\/wp-content\/uploads\/2019\/10\/GABRIELA-ALEJANDRA-CASTILLA-BLANCO.pdf\">GABRIELA ALEJANDRA CASTILLA BLANCO<\/a> <a href=\"http:\/\/ayuntamientodeprogreso.gob.mx\/contraloria\/wp-content\/uploads\/2019\/10\/GABRIELA-MAR\u00cdA-HEVIA-MENDOZA.pdf\">GABRIELA MAR\u00cdA HEVIA MENDOZA<\/a> <a href=\"http:\/\/ayuntamientodeprogreso.gob.mx\/contraloria\/wp-content\/uploads\/2019\/10\/HERBERT-SANTIAGO-PECH-BAQUEDANO.pdf\">HERBERT SANTIAGO PECH BAQUEDANO<\/a> <a href=\"http:\/\/ayuntamientodeprogreso.gob.mx\/contraloria\/wp-content\/uploads\/2019\/10\/ILSE-GABRIELA-RUBIO-MEDINA.pdf\">ILSE GABRIELA RUBIO MEDINA<\/a> <a href=\"http:\/\/ayuntamientodeprogreso.gob.mx\/contraloria\/wp-content\/uploads\/2019\/10\/IRESINE-SOL\u00cdS-HERN\u00c1NDEZ.pdf\">IRESINE SOL\u00cdS HERN\u00c1NDEZ<\/a> <a href=\"http:\/\/ayuntamientodeprogreso.gob.mx\/contraloria\/wp-content\/uploads\/2019\/10\/IRMA-NOELIA-YA\u00d1EZ-GALVEZ.pdf\">IRMA NOELIA YA\u00d1EZ GALVEZ<\/a> <a href=\"http:\/\/ayuntamientodeprogreso.gob.mx\/contraloria\/wp-content\/uploads\/2019\/10\/JESSICA-ESMERALDA-BENITEZ-RIVAS.pdf\">JESSICA ESMERALDA BENITEZ RIVAS<\/a> <a href=\"http:\/\/ayuntamientodeprogreso.gob.mx\/contraloria\/wp-content\/uploads\/2019\/10\/JOCELYN-NAZARETH-SOLIS-CANTO.pdf\">JOCELYN NAZARETH SOLIS CANTO<\/a> <a href=\"http:\/\/ayuntamientodeprogreso.gob.mx\/contraloria\/wp-content\/uploads\/2019\/10\/JORGE-ABRAHAM-DUARTE-MANCILLA.pdf\">JORGE ABRAHAM DUARTE MANCILLA<\/a> <a href=\"http:\/\/ayuntamientodeprogreso.gob.mx\/contraloria\/wp-content\/uploads\/2019\/10\/JORGE-ALEJANDRO-ESTRADA-CHAC\u00d3N.pdf\">JORGE ALEJANDRO ESTRADA CHAC\u00d3N<\/a> <a href=\"http:\/\/ayuntamientodeprogreso.gob.mx\/contraloria\/wp-content\/uploads\/2019\/11\/SAMUEL-ISAAC-PACHECO-LOR\u00cdA.pdf\">SAMUEL ISAAC PACHECO LOR\u00cdA\u00a0<\/a><a href=\"http:\/\/ayuntamientodeprogreso.gob.mx\/contraloria\/wp-content\/uploads\/2019\/11\/NORA-PATRICIA-QUIJANO-BAQUEIRO.pdf\">NORA PATRICIA QUIJANO BAQUEIRO\u00a0<\/a><a href=\"http:\/\/ayuntamientodeprogreso.gob.mx\/contraloria\/wp-content\/uploads\/2019\/11\/NANCY-LILIANA-PALMA-MADERA.pdf\">NANCY LILIANA PALMA MADERA\u00a0<\/a><a href=\"http:\/\/ayuntamientodeprogreso.gob.mx\/contraloria\/wp-content\/uploads\/2019\/11\/MARIO-ARTURO-GOM\u00c9Z-MILAN.pdf\">MARIO ARTURO GOM\u00c9Z MILAN\u00a0<\/a><a href=\"http:\/\/ayuntamientodeprogreso.gob.mx\/contraloria\/wp-content\/uploads\/2019\/11\/MARIA-TERESA-GONZALEZ-RAMOS.pdf\">MARIA TERESA GONZALEZ RAMOS\u00a0<\/a><a href=\"http:\/\/ayuntamientodeprogreso.gob.mx\/contraloria\/wp-content\/uploads\/2019\/11\/MAR\u00cdA-JOS\u00c9-ONGAY-ESQUIVEL.pdf\">MAR\u00cdA JOS\u00c9 ONGAY ESQUIVEL\u00a0<\/a><a href=\"http:\/\/ayuntamientodeprogreso.gob.mx\/contraloria\/wp-content\/uploads\/2019\/11\/MANUEL-JES\u00daS-F\u00c9LIX-OSORIO.pdf\">MANUEL JES\u00daS F\u00c9LIX OSORIO\u00a0<\/a><a href=\"http:\/\/ayuntamientodeprogreso.gob.mx\/contraloria\/wp-content\/uploads\/2019\/11\/MABEL-EUGENIA-AGUIRRE-QUINTO.pdf\">MABEL EUGENIA AGUIRRE QUINTO\u00a0<\/a><a href=\"http:\/\/ayuntamientodeprogreso.gob.mx\/contraloria\/wp-content\/uploads\/2019\/10\/LIDIA-ESTHER-PERAZA-PERERA.pdf\">LIDIA ESTHER PERAZA PERERA<\/a><a href=\"http:\/\/ayuntamientodeprogreso.gob.mx\/contraloria\/wp-content\/uploads\/2019\/11\/MABEL-EUGENIA-AGUIRRE-QUINTO.pdf\"><\/a><\/p>\n","protected":false},"excerpt":{"rendered":"<p>REGIDORES FRANKLIN ANTONIO FRANCO S\u00c1NCHEZ\u00a0 GUADALUPE IVONE RASSAM JIM\u00c9NEZ\u00a0\u00a0JORGE CARLOS ANATOLIO M\u00c9NDEZ BASTO\u00a0\u00a0JULIAN ZACAR\u00cdAS CURI\u00a0\u00a0LUIS ARMANDO REYES MALDONADO\u00a0\u00a0PATRICIA DEL PILAR SAURI BARROSO\u00a0\u00a0VER\u00d3NICA GORETTY IRIGOYEN OCAMPO &nbsp; DIRECTORES ALI YAMIL DIB MU\u00d1OZ\u00a0 CAROLINA DE F\u00c1TIMA JIMENEZ TEC\u00a0\u00a0DIANELA DEL CARMEN NU\u00d1EZ CASTRO \u00a0DULCE MAR\u00cdA SOBERANIS GAMBOA\u00a0\u00a0ELVIA MARGARITA GONZ\u00c1LEZ PALOMO\u00a0\u00a0EMILIO JAVIER G\u00d3NGORA ORTEG\u00d3N\u00a0\u00a0ERIC JHONATHAN CASTILLO ROMERO\u00a0\u00a0FELIPE DE JES\u00daS [&hellip;]<\/p>\n","protected":false},"author":1,"featured_media":0,"comment_status":"closed","ping_status":"closed","sticky":false,"template":"","format":"standard","meta":{"footnotes":""},"categories":[1],"tags":[],"_links":{"self":[{"href":"https:\/\/ayuntamientodeprogreso.gob.mx\/contraloria\/wp-json\/wp\/v2\/posts\/374"}],"collection":[{"href":"https:\/\/ayuntamientodeprogreso.gob.mx\/contraloria\/wp-json\/wp\/v2\/posts"}],"about":[{"href":"https:\/\/ayuntamientodeprogreso.gob.mx\/contraloria\/wp-json\/wp\/v2\/types\/post"}],"author":[{"embeddable":true,"href":"https:\/\/ayuntamientodeprogreso.gob.mx\/contraloria\/wp-json\/wp\/v2\/users\/1"}],"replies":[{"embeddable":true,"href":"https:\/\/ayuntamientodeprogreso.gob.mx\/contraloria\/wp-json\/wp\/v2\/comments?post=374"}],"version-history":[{"count":4,"href":"https:\/\/ayuntamientodeprogreso.gob.mx\/contraloria\/wp-json\/wp\/v2\/posts\/374\/revisions"}],"predecessor-version":[{"id":600,"href":"https:\/\/ayuntamientodeprogreso.gob.mx\/contraloria\/wp-json\/wp\/v2\/posts\/374\/revisions\/600"}],"wp:attachment":[{"href":"https:\/\/ayuntamientodeprogreso.gob.mx\/contraloria\/wp-json\/wp\/v2\/media?parent=374"}],"wp:term":[{"taxonomy":"category","embeddable":true,"href":"https:\/\/ayuntamientodeprogreso.gob.mx\/contraloria\/wp-json\/wp\/v2\/categories?post=374"},{"taxonomy":"post_tag","embeddable":true,"href":"https:\/\/ayuntamientodeprogreso.gob.mx\/contraloria\/wp-json\/wp\/v2\/tags?post=374"}],"curies":[{"name":"wp","href":"https:\/\/api.w.org\/{rel}","templated":true}]}}