{"id":1398,"date":"2022-02-22T23:04:39","date_gmt":"2022-02-22T23:04:39","guid":{"rendered":"http:\/\/ayuntamientodeprogreso.gob.mx\/contraloria\/?p=1398"},"modified":"2022-08-05T17:19:02","modified_gmt":"2022-08-05T17:19:02","slug":"declaraciones-patrimoniales-3","status":"publish","type":"post","link":"https:\/\/ayuntamientodeprogreso.gob.mx\/contraloria\/2022\/02\/22\/declaraciones-patrimoniales-3\/","title":{"rendered":"Declaraciones Patrimoniales Cuarto Trimestre 2021"},"content":{"rendered":"<p>&nbsp;<\/p>\n<p>REGIDORES &#8211; INICIO<\/p>\n<p><a href=\"http:\/\/ayuntamientodeprogreso.gob.mx\/contraloria\/wp-content\/uploads\/2022\/02\/Ivonne-Claudette-Gamboa-Rassam-1.pdf\">Ivonne Claudette Gamboa Rassam<\/a><\/p>\n<p><a href=\"http:\/\/ayuntamientodeprogreso.gob.mx\/contraloria\/wp-content\/uploads\/2022\/02\/Judith-Alhel\u00ed-Hern\u00e1ndez-Rivero-1.pdf\">Judith Alhel\u00ed Hern\u00e1ndez Rivero<\/a><\/p>\n<p><a href=\"http:\/\/ayuntamientodeprogreso.gob.mx\/contraloria\/wp-content\/uploads\/2022\/02\/Lucy-Lorena-Polanco-Aguilar-1.pdf\">Lucy Lorena Polanco Aguilar<\/a><\/p>\n<p><a href=\"http:\/\/ayuntamientodeprogreso.gob.mx\/contraloria\/wp-content\/uploads\/2022\/02\/Mario-de-Jes\u00fas-Canto-Brice\u00f1o-1.pdf\">Mario de Jes\u00fas Canto Brice\u00f1o<\/a><\/p>\n<p><a href=\"http:\/\/ayuntamientodeprogreso.gob.mx\/contraloria\/wp-content\/uploads\/2022\/02\/Luz-Mar\u00eda-L\u00f3pez-Polanco-1.pdf\">Luz Mar\u00eda L\u00f3pez Polanco<\/a><\/p>\n<p>&nbsp;<\/p>\n<p>DIRECTORES &#8211; INICIO<\/p>\n<p><a href=\"http:\/\/ayuntamientodeprogreso.gob.mx\/contraloria\/wp-content\/uploads\/2022\/02\/Azyadeth-Betancourt-Vidal-1.pdf\">Azyadeth Betancourt Vidal<\/a><\/p>\n<p><a href=\"http:\/\/ayuntamientodeprogreso.gob.mx\/contraloria\/wp-content\/uploads\/2022\/02\/Canan-Enrique-G\u00f3ngora-Orteg\u00f3n-1.pdf\">Canan Enrique G\u00f3ngora Orteg\u00f3n<\/a><\/p>\n<p><a href=\"http:\/\/ayuntamientodeprogreso.gob.mx\/contraloria\/wp-content\/uploads\/2022\/02\/Cintia-Guadalupe-Sosa-Gomez.pdf\">Cintia Guadalupe Sosa Gomez\u00a0<\/a><\/p>\n<p><a href=\"http:\/\/ayuntamientodeprogreso.gob.mx\/contraloria\/wp-content\/uploads\/2022\/02\/Claudia-Karenina-S\u00e1nchez-Madera-1.pdf\">Claudia Karenina S\u00e1nchez Madera<\/a><\/p>\n<p><a href=\"http:\/\/ayuntamientodeprogreso.gob.mx\/contraloria\/wp-content\/uploads\/2022\/02\/David-Eduardo-Escalante-Echeverria.pdf\">David Eduardo Escalante Echeverria<\/a><\/p>\n<p><a href=\"http:\/\/ayuntamientodeprogreso.gob.mx\/contraloria\/wp-content\/uploads\/2022\/02\/Erika-Vanessa-Alcocer-S\u00e1nchez.pdf\">Erika Vanessa Alcocer S\u00e1nchez<\/a><\/p>\n<p><a href=\"http:\/\/ayuntamientodeprogreso.gob.mx\/contraloria\/wp-content\/uploads\/2022\/02\/Jos\u00e9-Luis-G\u00f3mez-Ordo\u00f1ez.pdf\">Jos\u00e9 Luis G\u00f3mez Ordo\u00f1ez<\/a><\/p>\n<p><a href=\"http:\/\/ayuntamientodeprogreso.gob.mx\/contraloria\/wp-content\/uploads\/2022\/02\/Luis-Alberto-Garc\u00eda-Barroso-1.pdf\">Luis Alberto Garc\u00eda Barroso<\/a><\/p>\n<p><a href=\"http:\/\/ayuntamientodeprogreso.gob.mx\/contraloria\/wp-content\/uploads\/2022\/02\/Manuel-Antonio-Blanco-Ordaz-1.pdf\">Manuel Antonio Blanco Ordaz<\/a><\/p>\n<p><a href=\"http:\/\/ayuntamientodeprogreso.gob.mx\/contraloria\/wp-content\/uploads\/2022\/02\/Mar\u00eda-Mercedes-Arjona-Eu\u00e1n-1.pdf\">Mar\u00eda Mercedes Arjona Eu\u00e1n<\/a><\/p>\n<p>&nbsp;<\/p>\n<p>SUBDIRECTORES &#8211; INICIO<\/p>\n<p><a href=\"http:\/\/ayuntamientodeprogreso.gob.mx\/contraloria\/wp-content\/uploads\/2022\/02\/Augusto-Jos\u00e9-Navarrete-Hevia-1.pdf\">Augusto Jos\u00e9 Navarrete Hevia<\/a><\/p>\n<p><a href=\"http:\/\/ayuntamientodeprogreso.gob.mx\/contraloria\/wp-content\/uploads\/2022\/02\/Eryka-Lozada-Escalante-1.pdf\">Eryka Lozada Escalante<\/a><\/p>\n<p><a href=\"http:\/\/ayuntamientodeprogreso.gob.mx\/contraloria\/wp-content\/uploads\/2022\/02\/Jos\u00e9-Francisco-Alonzo-Mu\u00f1oz-1.pdf\">Jos\u00e9 Francisco Alonzo Mu\u00f1oz<\/a><\/p>\n<p><a href=\"http:\/\/ayuntamientodeprogreso.gob.mx\/contraloria\/wp-content\/uploads\/2022\/02\/Julio-Eduviges-Navarro-Arguelles.pdf\">Julio Eduviges Navarro Arguelles<\/a><\/p>\n<p><a href=\"http:\/\/ayuntamientodeprogreso.gob.mx\/contraloria\/wp-content\/uploads\/2022\/02\/Levy-Rodrigo-Villanueva-Dib-1.pdf\">Levy Rodrigo Villanueva Dib<\/a><\/p>\n<p><a href=\"http:\/\/ayuntamientodeprogreso.gob.mx\/contraloria\/wp-content\/uploads\/2022\/02\/Mercedes-del-Carmen-Zapata-Canto-1.pdf\">Mercedes del Carmen Zapata Canto<\/a><\/p>\n<p><a href=\"http:\/\/ayuntamientodeprogreso.gob.mx\/contraloria\/wp-content\/uploads\/2022\/02\/Miguel-\u00c1ngel-Padilla-Villanueva-1.pdf\">Miguel \u00c1ngel Padilla Villanueva<\/a><\/p>\n<p><a href=\"http:\/\/ayuntamientodeprogreso.gob.mx\/contraloria\/wp-content\/uploads\/2022\/02\/Obdulia-Odolfina-Valle-Chim-1.pdf\">Obdulia Odolfina Valle Chim<\/a><\/p>\n<p>&nbsp;<\/p>\n<p>JEFES DE UNIDAD &#8211; INICIO<\/p>\n<p><a href=\"http:\/\/ayuntamientodeprogreso.gob.mx\/contraloria\/wp-content\/uploads\/2022\/02\/Ana-Cristina-Gonzalez-Dorantes.pdf\">Ana Cristina Gonzalez Dorantes<\/a><\/p>\n<p><a href=\"http:\/\/ayuntamientodeprogreso.gob.mx\/contraloria\/wp-content\/uploads\/2022\/02\/Jos\u00e9-Humberto-P\u00e9rez-V\u00e1squez-1.pdf\">Jos\u00e9 Humberto P\u00e9rez V\u00e1squez<\/a><\/p>\n<p><a href=\"http:\/\/ayuntamientodeprogreso.gob.mx\/contraloria\/wp-content\/uploads\/2022\/02\/Rafael-Alejandro-Brice\u00f1o-Argaez.pdf\">Rafael Alejandro Brice\u00f1o Argaez<\/a><\/p>\n<p><a href=\"http:\/\/ayuntamientodeprogreso.gob.mx\/contraloria\/wp-content\/uploads\/2022\/02\/R\u00faben-Manuel-Moguel-Aguilar.pdf\">R\u00faben Manuel Moguel Aguilar<\/a><\/p>\n<p><a href=\"http:\/\/ayuntamientodeprogreso.gob.mx\/contraloria\/wp-content\/uploads\/2022\/02\/Sergio-Hidalgo-Alejos-Victoria-1.pdf\">Sergio Hidalgo Alejos Victoria<\/a><\/p>\n<p><a href=\"http:\/\/ayuntamientodeprogreso.gob.mx\/contraloria\/wp-content\/uploads\/2022\/02\/Silvia-del-Jazm\u00edn-Caballero-Canch\u00e9.pdf\">Silvia del Jazm\u00edn Caballero Canch\u00e9<\/a><\/p>\n<p>&nbsp;<\/p>\n<p>REGIDORES &#8211; CONCLUSI\u00d3N<\/p>\n<p><a href=\"http:\/\/ayuntamientodeprogreso.gob.mx\/contraloria\/wp-content\/uploads\/2022\/02\/Guadalupe-Ivone-Rassam-Jim\u00e9nez.pdf\">Guadalupe Ivone Rassam Jim\u00e9nez<\/a><\/p>\n<p><a href=\"http:\/\/ayuntamientodeprogreso.gob.mx\/contraloria\/wp-content\/uploads\/2022\/02\/Geovana-Leticia-Ganzo-Le\u00f3n.pdf\">Geovana Leticia Ganzo Le\u00f3n<\/a><\/p>\n<p><a href=\"http:\/\/ayuntamientodeprogreso.gob.mx\/contraloria\/wp-content\/uploads\/2022\/02\/Mauricio-Jos\u00e9-Pard\u00edo-Cortez.pdf\">Mauricio Jos\u00e9 Pard\u00edo Cortez<\/a><\/p>\n<p><a href=\"http:\/\/ayuntamientodeprogreso.gob.mx\/contraloria\/wp-content\/uploads\/2022\/02\/Ver\u00f3nica-Goretty-Irigoyen-Ocampo.pdf\">Ver\u00f3nica Goretty Irigoyen Ocampo<\/a><\/p>\n<p>&nbsp;<\/p>\n<p>JEFE DE UNIDAD &#8211; CONCLUSI\u00d3N<\/p>\n<p><a href=\"http:\/\/ayuntamientodeprogreso.gob.mx\/contraloria\/wp-content\/uploads\/2022\/02\/Carlos-Mart\u00edn-P\u00e9rez-Vidal.pdf\">Carlos Mart\u00edn P\u00e9rez Vidal<\/a><\/p>\n<p>&nbsp;<\/p>\n<p>COMISARIOS &#8211; CONCLUSI\u00d3N<\/p>\n<p><a href=\"http:\/\/ayuntamientodeprogreso.gob.mx\/contraloria\/wp-content\/uploads\/2022\/02\/Bianey-Bibiana-Chim-Pat.pdf\">Bianey Bibiana Chim Pat<\/a><\/p>\n<p><a href=\"http:\/\/ayuntamientodeprogreso.gob.mx\/contraloria\/wp-content\/uploads\/2022\/02\/Gaudencio-Dami\u00e1n-Cab-Ek.pdf\">Gaudencio Dami\u00e1n Cab Ek<\/a><\/p>\n<p><a href=\"http:\/\/ayuntamientodeprogreso.gob.mx\/contraloria\/wp-content\/uploads\/2022\/02\/Jos\u00e9-Efrain-Blanco-Moo.pdf\">Jos\u00e9 Efrain Blanco Moo<\/a><\/p>\n<p><a href=\"http:\/\/ayuntamientodeprogreso.gob.mx\/contraloria\/wp-content\/uploads\/2022\/02\/Jos\u00e9-Roberto-Palma-Betancourt.pdf\">Jos\u00e9 Roberto Palma Betancourt<\/a><\/p>\n","protected":false},"excerpt":{"rendered":"<p>&nbsp; REGIDORES &#8211; INICIO Ivonne Claudette Gamboa Rassam Judith Alhel\u00ed Hern\u00e1ndez Rivero Lucy Lorena Polanco Aguilar Mario de Jes\u00fas Canto Brice\u00f1o Luz Mar\u00eda L\u00f3pez Polanco &nbsp; DIRECTORES &#8211; INICIO Azyadeth Betancourt Vidal Canan Enrique G\u00f3ngora Orteg\u00f3n Cintia Guadalupe Sosa Gomez\u00a0 Claudia Karenina S\u00e1nchez Madera David Eduardo Escalante Echeverria Erika Vanessa Alcocer S\u00e1nchez Jos\u00e9 Luis G\u00f3mez [&hellip;]<\/p>\n","protected":false},"author":4,"featured_media":0,"comment_status":"closed","ping_status":"closed","sticky":false,"template":"","format":"standard","meta":{"footnotes":""},"categories":[1,11],"tags":[],"_links":{"self":[{"href":"https:\/\/ayuntamientodeprogreso.gob.mx\/contraloria\/wp-json\/wp\/v2\/posts\/1398"}],"collection":[{"href":"https:\/\/ayuntamientodeprogreso.gob.mx\/contraloria\/wp-json\/wp\/v2\/posts"}],"about":[{"href":"https:\/\/ayuntamientodeprogreso.gob.mx\/contraloria\/wp-json\/wp\/v2\/types\/post"}],"author":[{"embeddable":true,"href":"https:\/\/ayuntamientodeprogreso.gob.mx\/contraloria\/wp-json\/wp\/v2\/users\/4"}],"replies":[{"embeddable":true,"href":"https:\/\/ayuntamientodeprogreso.gob.mx\/contraloria\/wp-json\/wp\/v2\/comments?post=1398"}],"version-history":[{"count":6,"href":"https:\/\/ayuntamientodeprogreso.gob.mx\/contraloria\/wp-json\/wp\/v2\/posts\/1398\/revisions"}],"predecessor-version":[{"id":1408,"href":"https:\/\/ayuntamientodeprogreso.gob.mx\/contraloria\/wp-json\/wp\/v2\/posts\/1398\/revisions\/1408"}],"wp:attachment":[{"href":"https:\/\/ayuntamientodeprogreso.gob.mx\/contraloria\/wp-json\/wp\/v2\/media?parent=1398"}],"wp:term":[{"taxonomy":"category","embeddable":true,"href":"https:\/\/ayuntamientodeprogreso.gob.mx\/contraloria\/wp-json\/wp\/v2\/categories?post=1398"},{"taxonomy":"post_tag","embeddable":true,"href":"https:\/\/ayuntamientodeprogreso.gob.mx\/contraloria\/wp-json\/wp\/v2\/tags?post=1398"}],"curies":[{"name":"wp","href":"https:\/\/api.w.org\/{rel}","templated":true}]}}