{"id":130,"date":"2019-05-01T00:56:31","date_gmt":"2019-05-01T00:56:31","guid":{"rendered":"http:\/\/ayuntamientodeprogreso.gob.mx\/contraloria\/?p=130"},"modified":"2019-05-01T01:19:17","modified_gmt":"2019-05-01T01:19:17","slug":"declaraciones-patrimoniales","status":"publish","type":"post","link":"https:\/\/ayuntamientodeprogreso.gob.mx\/contraloria\/2019\/05\/01\/declaraciones-patrimoniales\/","title":{"rendered":"DECLARACIONES PATRIMONIALES"},"content":{"rendered":"<p>CABILDO:\u00a0<a href=\"http:\/\/ayuntamientodeprogreso.gob.mx\/contraloria\/wp-content\/uploads\/2019\/05\/Elda-Margarita-Hevia-Li.pdf\">Elda Margarita Hevia Li<\/a> <a href=\"http:\/\/ayuntamientodeprogreso.gob.mx\/contraloria\/wp-content\/uploads\/2019\/05\/Franklin-Antonio-Franco-S\u00e1nchez.pdf\">Franklin Antonio Franco S\u00e1nchez<\/a> <a href=\"http:\/\/ayuntamientodeprogreso.gob.mx\/contraloria\/wp-content\/uploads\/2019\/05\/Geovana-Leticia-Ganzo-Le\u00f3n.pdf\">Geovana Leticia Ganzo Le\u00f3n<\/a> <a href=\"http:\/\/ayuntamientodeprogreso.gob.mx\/contraloria\/wp-content\/uploads\/2019\/05\/Guadalupe-Ivone-Rassam-Jim\u00e9nez.pdf\">Guadalupe Ivone Rassam Jim\u00e9nez<\/a> <a href=\"http:\/\/ayuntamientodeprogreso.gob.mx\/contraloria\/wp-content\/uploads\/2019\/05\/Juli\u00e1n-Zacar\u00edas-Curi.pdf\">Juli\u00e1n Zacar\u00edas Curi<\/a> <a href=\"http:\/\/ayuntamientodeprogreso.gob.mx\/contraloria\/wp-content\/uploads\/2019\/05\/Jorge-Carlos-Anatolio-M\u00e9ndez-Basto.pdf\">Jorge Carlos Anatolio M\u00e9ndez Basto<\/a> <a href=\"http:\/\/ayuntamientodeprogreso.gob.mx\/contraloria\/wp-content\/uploads\/2019\/05\/Jos\u00e9-Alfredo-Salazar-Rojo.pdf\">Jos\u00e9 Alfredo Salazar Rojo<\/a> <a href=\"http:\/\/ayuntamientodeprogreso.gob.mx\/contraloria\/wp-content\/uploads\/2019\/05\/Luis-Armando-Reyes-Maldonado.pdf\">Luis Armando Reyes Maldonado<\/a> <a href=\"http:\/\/ayuntamientodeprogreso.gob.mx\/contraloria\/wp-content\/uploads\/2019\/05\/Mauricio-Jos\u00e9-Pard\u00edo-Cort\u00e9z.pdf\">Mauricio Jos\u00e9 Pard\u00edo Cort\u00e9z<\/a> <a href=\"http:\/\/ayuntamientodeprogreso.gob.mx\/contraloria\/wp-content\/uploads\/2019\/05\/Patricia-del-Pilar-Sauri-Barroso.pdf\">Patricia del Pilar Sauri Barroso<\/a> <a href=\"http:\/\/ayuntamientodeprogreso.gob.mx\/contraloria\/wp-content\/uploads\/2019\/05\/Ver\u00f3nica-Goretty-Irigoyen-Ocampo.pdf\">Ver\u00f3nica Goretty Irigoyen Ocampo<\/a><\/p>\n<p>&nbsp;<\/p>\n<p>&nbsp;<\/p>\n<p>DIRECTORES:<a href=\"http:\/\/ayuntamientodeprogreso.gob.mx\/contraloria\/wp-content\/uploads\/2019\/05\/Ali-Yamil-Dib-Mu\u00f1oz.pdf\">\u00a0Ali Yamil Dib Mu\u00f1oz<\/a> <a href=\"http:\/\/ayuntamientodeprogreso.gob.mx\/contraloria\/wp-content\/uploads\/2019\/05\/Carolina-de-F\u00e1tima-Jim\u00e9nez-Tec.pdf\">Carolina de F\u00e1tima Jim\u00e9nez Tec<\/a> <a href=\"http:\/\/ayuntamientodeprogreso.gob.mx\/contraloria\/wp-content\/uploads\/2019\/05\/Dianela-del-Carmen-Nu\u00f1ez-Castro.pdf\">Dianela del Carmen Nu\u00f1ez Castro<\/a> <a href=\"http:\/\/ayuntamientodeprogreso.gob.mx\/contraloria\/wp-content\/uploads\/2019\/05\/Dulce-Mar\u00eda-Soberanis-Gamboa.pdf\">Dulce Mar\u00eda Soberanis Gamboa<\/a> <a href=\"http:\/\/ayuntamientodeprogreso.gob.mx\/contraloria\/wp-content\/uploads\/2019\/05\/Elvia-Margarita-Gonz\u00e1lez-Palomo.pdf\">Elvia Margarita Gonz\u00e1lez Palomo<\/a> <a href=\"http:\/\/ayuntamientodeprogreso.gob.mx\/contraloria\/wp-content\/uploads\/2019\/05\/Emilio-Javier-Gongora-Orteg\u00f3n.pdf\">Emilio Javier Gongora Orteg\u00f3n<\/a> <a href=\"http:\/\/ayuntamientodeprogreso.gob.mx\/contraloria\/wp-content\/uploads\/2019\/05\/Eric-Jhonatan-Castillo-Romero.pdf\">Eric Jhonatan Castillo Romero<\/a> <a href=\"http:\/\/ayuntamientodeprogreso.gob.mx\/contraloria\/wp-content\/uploads\/2019\/05\/Felipe-de-Jes\u00fas-Pech-Gonz\u00e1lez.pdf\">Felipe de Jes\u00fas Pech Gonz\u00e1lez<\/a> <a href=\"http:\/\/ayuntamientodeprogreso.gob.mx\/contraloria\/wp-content\/uploads\/2019\/05\/Jos\u00e9-Mario-G\u00f3mez-Ventura.pdf\">Jos\u00e9 Mario G\u00f3mez Ventura<\/a> <a href=\"http:\/\/ayuntamientodeprogreso.gob.mx\/contraloria\/wp-content\/uploads\/2019\/05\/Julio-Javier-Fleites-Amaya.pdf\">Julio Javier Fleites Amaya<\/a> <a href=\"http:\/\/ayuntamientodeprogreso.gob.mx\/contraloria\/wp-content\/uploads\/2019\/05\/Karim-Alberto-Dib-L\u00f3pez.pdf\">Karim Alberto Dib L\u00f3pez<\/a> <a href=\"http:\/\/ayuntamientodeprogreso.gob.mx\/contraloria\/wp-content\/uploads\/2019\/05\/Luis-Alberto-Castro-Naal.pdf\">Luis Alberto Castro Naal<\/a> <a href=\"http:\/\/ayuntamientodeprogreso.gob.mx\/contraloria\/wp-content\/uploads\/2019\/05\/Manuel-Jes\u00fas-Rosado-Heredia.pdf\">Manuel Jes\u00fas Rosado Heredia<\/a> <a href=\"http:\/\/ayuntamientodeprogreso.gob.mx\/contraloria\/wp-content\/uploads\/2019\/05\/Roger-Antonio-G\u00f3mez-Orteg\u00f3n.pdf\">Roger Antonio G\u00f3mez Orteg\u00f3n<\/a> <a href=\"http:\/\/ayuntamientodeprogreso.gob.mx\/contraloria\/wp-content\/uploads\/2019\/05\/Yanina-Karelly-Encalada-Villanueva.pdf\">Yanina Karelly Encalada Villanueva<\/a> <a href=\"http:\/\/ayuntamientodeprogreso.gob.mx\/contraloria\/wp-content\/uploads\/2019\/05\/Yuli-Noemi-Maga\u00f1a-L\u00f3pez.pdf\">Yuli Noemi Maga\u00f1a L\u00f3pez<\/a><\/p>\n<p>&nbsp;<\/p>\n<p>&nbsp;<\/p>\n<p>SUBDIRECTORES:\u00a0<a href=\"http:\/\/ayuntamientodeprogreso.gob.mx\/contraloria\/wp-content\/uploads\/2019\/05\/Abel-Dar\u00edo-Maga\u00f1a-L\u00f3pez.pdf\">Abel Dar\u00edo Maga\u00f1a L\u00f3pez<\/a> <a href=\"http:\/\/ayuntamientodeprogreso.gob.mx\/contraloria\/wp-content\/uploads\/2019\/05\/Abraham-Elias-Cuevas-Medina.pdf\">Abraham Elias Cuevas Medina<\/a> <a href=\"http:\/\/ayuntamientodeprogreso.gob.mx\/contraloria\/wp-content\/uploads\/2019\/05\/Audrey-Esther-Woolley-Maldonado.pdf\">Audrey Esther Woolley Maldonado<\/a> <a href=\"http:\/\/ayuntamientodeprogreso.gob.mx\/contraloria\/wp-content\/uploads\/2019\/05\/Aurelio-Teodoro-Medina-P\u00e9rez.pdf\">Aurelio Teodoro Medina P\u00e9rez\u00a0<\/a><a href=\"http:\/\/ayuntamientodeprogreso.gob.mx\/contraloria\/wp-content\/uploads\/2019\/05\/Carlos-Alberto-Saenz-S\u00e1nchez.pdf\">Carlos Alberto Saenz S\u00e1nchez<\/a><a href=\"http:\/\/ayuntamientodeprogreso.gob.mx\/contraloria\/wp-content\/uploads\/2019\/05\/Aurelio-Teodoro-Medina-P\u00e9rez.pdf\"><\/a> <a href=\"http:\/\/ayuntamientodeprogreso.gob.mx\/contraloria\/wp-content\/uploads\/2019\/05\/Carlos-Mart\u00edn-P\u00e9rez-Vidal.pdf\">Carlos Mart\u00edn P\u00e9rez Vidal<\/a> <a href=\"http:\/\/ayuntamientodeprogreso.gob.mx\/contraloria\/wp-content\/uploads\/2019\/05\/Gabriela-Alejandra-Castilla-Blanco.pdf\">Gabriela Alejandra Castilla Blanco<\/a> <a href=\"http:\/\/ayuntamientodeprogreso.gob.mx\/contraloria\/wp-content\/uploads\/2019\/05\/Gabriela-Mar\u00eda-Hevia-Mendoza.pdf\">Gabriela Mar\u00eda Hevia Mendoza<\/a> <a href=\"http:\/\/ayuntamientodeprogreso.gob.mx\/contraloria\/wp-content\/uploads\/2019\/05\/Herbert-Santiago-Pech-Baquedano.pdf\">Herbert Santiago Pech Baquedano<\/a> <a href=\"http:\/\/ayuntamientodeprogreso.gob.mx\/contraloria\/wp-content\/uploads\/2019\/05\/Irma-Noelia-Ya\u00f1ez-Galvez.pdf\">Irma Noelia Ya\u00f1ez Galvez<\/a> <a href=\"http:\/\/ayuntamientodeprogreso.gob.mx\/contraloria\/wp-content\/uploads\/2019\/05\/Jessica-Esmeralda-Benitez-Rivas.pdf\">Jessica Esmeralda Benitez Rivas<\/a> <a href=\"http:\/\/ayuntamientodeprogreso.gob.mx\/contraloria\/wp-content\/uploads\/2019\/05\/Jocelyn-Nazareth-Sol\u00eds-Canto.pdf\">Jocelyn Nazareth Sol\u00eds Canto<\/a> <a href=\"http:\/\/ayuntamientodeprogreso.gob.mx\/contraloria\/wp-content\/uploads\/2019\/05\/Jorge-Abraham-Duarte-Mancilla.pdf\">Jorge Abraham Duarte Mancilla<\/a> <a href=\"http:\/\/ayuntamientodeprogreso.gob.mx\/contraloria\/wp-content\/uploads\/2019\/05\/Jorge-Alejandro-Estrada-Chac\u00f3n.pdf\">Jorge Alejandro Estrada Chac\u00f3n<\/a> <a href=\"http:\/\/ayuntamientodeprogreso.gob.mx\/contraloria\/wp-content\/uploads\/2019\/05\/Juan-Enrique-Castillo-Romero.pdf\">Juan Enrique Castillo Romero<\/a> <a href=\"http:\/\/ayuntamientodeprogreso.gob.mx\/contraloria\/wp-content\/uploads\/2019\/05\/Julio-Ces\u00e1r-Mart\u00ednez-Mart\u00ednez.pdf\">Julio Ces\u00e1r Mart\u00ednez Mart\u00ednez<\/a> <a href=\"http:\/\/ayuntamientodeprogreso.gob.mx\/contraloria\/wp-content\/uploads\/2019\/05\/Lidia-Esther-Peraza-Perera.pdf\">Lidia Esther Peraza Perera<\/a> <a href=\"http:\/\/ayuntamientodeprogreso.gob.mx\/contraloria\/wp-content\/uploads\/2019\/05\/Mar\u00eda-Jos\u00e9-Ongay-Esquivel.pdf\">Mar\u00eda Jos\u00e9 Ongay Esquivel<\/a> <a href=\"http:\/\/ayuntamientodeprogreso.gob.mx\/contraloria\/wp-content\/uploads\/2019\/05\/Mario-Arturo-Gomez-Milan.pdf\">Mario Arturo Gomez Milan<\/a> <a href=\"http:\/\/ayuntamientodeprogreso.gob.mx\/contraloria\/wp-content\/uploads\/2019\/05\/Miguel-Roberto-Kuman-Be.pdf\">Miguel Roberto Kuman Be<\/a> <a href=\"http:\/\/ayuntamientodeprogreso.gob.mx\/contraloria\/wp-content\/uploads\/2019\/05\/Nancy-Liliana-Palma-Madera.pdf\">Nancy Liliana Palma Madera<\/a> <a href=\"http:\/\/ayuntamientodeprogreso.gob.mx\/contraloria\/wp-content\/uploads\/2019\/05\/Nora-Patricia-Quijano-Baqueiro.pdf\">Nora Patricia Quijano Baqueiro<\/a> <a href=\"http:\/\/ayuntamientodeprogreso.gob.mx\/contraloria\/wp-content\/uploads\/2019\/05\/Obdulio-Delaney-Mena-Sanchez.pdf\">Obdulio Delaney Mena Sanchez<\/a> <a href=\"http:\/\/ayuntamientodeprogreso.gob.mx\/contraloria\/wp-content\/uploads\/2019\/05\/Omar-David-Ramos-Povedano.pdf\">Omar David Ramos Povedano<\/a> <a href=\"http:\/\/ayuntamientodeprogreso.gob.mx\/contraloria\/wp-content\/uploads\/2019\/05\/Samuel-Isaac-Pacheco-Lor\u00eda.pdf\">Samuel Isaac Pacheco Lor\u00eda<\/a> <a href=\"http:\/\/ayuntamientodeprogreso.gob.mx\/contraloria\/wp-content\/uploads\/2019\/05\/Silvia-del-Jazm\u00edn-Caballero-Canch\u00e9.pdf\">Silvia del Jazm\u00edn Caballero Canch\u00e9<\/a> <a href=\"http:\/\/ayuntamientodeprogreso.gob.mx\/contraloria\/wp-content\/uploads\/2019\/05\/V\u00edctor-Manuel-de-Jes\u00fas-Nicoli-Mu\u00f1oz.pdf\">V\u00edctor Manuel de Jes\u00fas Nicoli Mu\u00f1oz<\/a><\/p>\n<p>&nbsp;<\/p>\n<p>&nbsp;<\/p>\n<p>COMISARIOS:\u00a0<a href=\"http:\/\/ayuntamientodeprogreso.gob.mx\/contraloria\/wp-content\/uploads\/2019\/05\/Carlos-Macedonio-Le\u00f3n-Zapata.pdf\">Carlos Macedonio Le\u00f3n Zapata<\/a> <a href=\"http:\/\/ayuntamientodeprogreso.gob.mx\/contraloria\/wp-content\/uploads\/2019\/05\/Cristino-Noh-Balam.pdf\">Cristino Noh Balam<\/a> <a href=\"http:\/\/ayuntamientodeprogreso.gob.mx\/contraloria\/wp-content\/uploads\/2019\/05\/Gaudencio-Dami\u00e1n-Cab-Ek.pdf\">Gaudencio Dami\u00e1n Cab Ek<\/a> <a href=\"http:\/\/ayuntamientodeprogreso.gob.mx\/contraloria\/wp-content\/uploads\/2019\/05\/Jos\u00e9-Efra\u00edn-Blanco-Moo.pdf\">Jos\u00e9 Efra\u00edn Blanco Moo<\/a> <a href=\"http:\/\/ayuntamientodeprogreso.gob.mx\/contraloria\/wp-content\/uploads\/2019\/05\/Jos\u00e9-Roberto-Palma-Betancourt.pdf\">Jos\u00e9 Roberto Palma Betancourt<\/a> <a href=\"http:\/\/ayuntamientodeprogreso.gob.mx\/contraloria\/wp-content\/uploads\/2019\/05\/Bianey-Bibiana-Chim-Pat.pdf\">Bianey Bibiana Chim Pat<\/a><\/p>\n","protected":false},"excerpt":{"rendered":"<p>CABILDO:\u00a0Elda Margarita Hevia Li Franklin Antonio Franco S\u00e1nchez Geovana Leticia Ganzo Le\u00f3n Guadalupe Ivone Rassam Jim\u00e9nez Juli\u00e1n Zacar\u00edas Curi Jorge Carlos Anatolio M\u00e9ndez Basto Jos\u00e9 Alfredo Salazar Rojo Luis Armando Reyes Maldonado Mauricio Jos\u00e9 Pard\u00edo Cort\u00e9z Patricia del Pilar Sauri Barroso Ver\u00f3nica Goretty Irigoyen Ocampo &nbsp; &nbsp; DIRECTORES:\u00a0Ali Yamil Dib Mu\u00f1oz Carolina de F\u00e1tima Jim\u00e9nez [&hellip;]<\/p>\n","protected":false},"author":1,"featured_media":0,"comment_status":"closed","ping_status":"closed","sticky":false,"template":"","format":"standard","meta":{"footnotes":""},"categories":[1],"tags":[],"_links":{"self":[{"href":"https:\/\/ayuntamientodeprogreso.gob.mx\/contraloria\/wp-json\/wp\/v2\/posts\/130"}],"collection":[{"href":"https:\/\/ayuntamientodeprogreso.gob.mx\/contraloria\/wp-json\/wp\/v2\/posts"}],"about":[{"href":"https:\/\/ayuntamientodeprogreso.gob.mx\/contraloria\/wp-json\/wp\/v2\/types\/post"}],"author":[{"embeddable":true,"href":"https:\/\/ayuntamientodeprogreso.gob.mx\/contraloria\/wp-json\/wp\/v2\/users\/1"}],"replies":[{"embeddable":true,"href":"https:\/\/ayuntamientodeprogreso.gob.mx\/contraloria\/wp-json\/wp\/v2\/comments?post=130"}],"version-history":[{"count":5,"href":"https:\/\/ayuntamientodeprogreso.gob.mx\/contraloria\/wp-json\/wp\/v2\/posts\/130\/revisions"}],"predecessor-version":[{"id":199,"href":"https:\/\/ayuntamientodeprogreso.gob.mx\/contraloria\/wp-json\/wp\/v2\/posts\/130\/revisions\/199"}],"wp:attachment":[{"href":"https:\/\/ayuntamientodeprogreso.gob.mx\/contraloria\/wp-json\/wp\/v2\/media?parent=130"}],"wp:term":[{"taxonomy":"category","embeddable":true,"href":"https:\/\/ayuntamientodeprogreso.gob.mx\/contraloria\/wp-json\/wp\/v2\/categories?post=130"},{"taxonomy":"post_tag","embeddable":true,"href":"https:\/\/ayuntamientodeprogreso.gob.mx\/contraloria\/wp-json\/wp\/v2\/tags?post=130"}],"curies":[{"name":"wp","href":"https:\/\/api.w.org\/{rel}","templated":true}]}}