{"id":1004,"date":"2020-10-30T21:18:49","date_gmt":"2020-10-30T21:18:49","guid":{"rendered":"http:\/\/ayuntamientodeprogreso.gob.mx\/contraloria\/?p=1004"},"modified":"2020-11-03T17:43:36","modified_gmt":"2020-11-03T17:43:36","slug":"declaracion-patrimonial-tercer-trimestre","status":"publish","type":"post","link":"https:\/\/ayuntamientodeprogreso.gob.mx\/contraloria\/2020\/10\/30\/declaracion-patrimonial-tercer-trimestre\/","title":{"rendered":"Declaraci\u00f3n Patrimonial (Tercer Trimestre)"},"content":{"rendered":"<p>Cabildo:\u00a0<a href=\"http:\/\/ayuntamientodeprogreso.gob.mx\/contraloria\/wp-content\/uploads\/2020\/10\/Juli\u00e1n-Zacar\u00edas-Curi.pdf\">Juli\u00e1n Zacar\u00edas Curi<\/a> <a href=\"http:\/\/ayuntamientodeprogreso.gob.mx\/contraloria\/wp-content\/uploads\/2020\/10\/Elda-Margarita-Hevia-Li_2019.pdf\">Elda Margarita Hevia Li_2019<\/a> <a href=\"http:\/\/ayuntamientodeprogreso.gob.mx\/contraloria\/wp-content\/uploads\/2020\/10\/Elda-Margarita-Hevia-Li.pdf\">Elda Margarita Hevia Li<\/a> <a href=\"http:\/\/ayuntamientodeprogreso.gob.mx\/contraloria\/wp-content\/uploads\/2020\/10\/Jos\u00e9-Alfredo-Salazar-Rojo_2019.pdf\">Jos\u00e9 Alfredo Salazar Rojo_2019<\/a> <a href=\"http:\/\/ayuntamientodeprogreso.gob.mx\/contraloria\/wp-content\/uploads\/2020\/10\/Jos\u00e9-Alfredo-Salazar-Rojo.pdf\">Jos\u00e9 Alfredo Salazar Rojo<\/a> <a href=\"http:\/\/ayuntamientodeprogreso.gob.mx\/contraloria\/wp-content\/uploads\/2020\/10\/Geovana-Leticia-Ganzo-Le\u00f3n.pdf\">Geovana Leticia Ganzo Le\u00f3n<\/a> <a href=\"http:\/\/ayuntamientodeprogreso.gob.mx\/contraloria\/wp-content\/uploads\/2020\/10\/Franklin-Antonio-Franco-S\u00e1nchez.pdf\">Franklin Antonio Franco S\u00e1nchez<\/a> <a href=\"http:\/\/ayuntamientodeprogreso.gob.mx\/contraloria\/wp-content\/uploads\/2020\/10\/Guadalupe-Ivone-Rassam-Jim\u00e9nez.pdf\">Guadalupe Ivone Rassam Jim\u00e9nez<\/a> <a href=\"http:\/\/ayuntamientodeprogreso.gob.mx\/contraloria\/wp-content\/uploads\/2020\/10\/Mauricio-Jos\u00e9-Pard\u00edo-Cortez.pdf\">Mauricio Jos\u00e9 Pard\u00edo Cortez<\/a> <a href=\"http:\/\/ayuntamientodeprogreso.gob.mx\/contraloria\/wp-content\/uploads\/2020\/10\/Jorge-Carlos-Anatolio-M\u00e9ndez-Basto.pdf\">Jorge Carlos Anatolio M\u00e9ndez Basto<\/a> <a href=\"http:\/\/ayuntamientodeprogreso.gob.mx\/contraloria\/wp-content\/uploads\/2020\/10\/Ver\u00f3nica-Goretty-Irigoyen-Ocampo.pdf\">Ver\u00f3nica Goretty Irigoyen Ocampo<\/a> <a href=\"http:\/\/ayuntamientodeprogreso.gob.mx\/contraloria\/wp-content\/uploads\/2020\/10\/Luis-Armando-Reyes-Maldonado.pdf\">Luis Armando Reyes Maldonado<\/a> <a href=\"http:\/\/ayuntamientodeprogreso.gob.mx\/contraloria\/wp-content\/uploads\/2020\/10\/Patricia-del-Pilar-Sauri-Barroso.pdf\">Patricia del Pilar Sauri Barroso<\/a><\/p>\n<p>&nbsp;<\/p>\n<p>Comisarios:\u00a0<a href=\"http:\/\/ayuntamientodeprogreso.gob.mx\/contraloria\/wp-content\/uploads\/2020\/10\/Bianey-Bibiana-Chim-Pat.pdf\">Bianey Bibiana Chim Pat<\/a> <a href=\"http:\/\/ayuntamientodeprogreso.gob.mx\/contraloria\/wp-content\/uploads\/2020\/10\/Carlos-Macedonio-Le\u00f3n-Zapata.pdf\">Carlos Macedonio Le\u00f3n Zapata<\/a> <a href=\"http:\/\/ayuntamientodeprogreso.gob.mx\/contraloria\/wp-content\/uploads\/2020\/10\/Cristino-Noh-Balam.pdf\">Cristino Noh Balam<\/a> <a href=\"http:\/\/ayuntamientodeprogreso.gob.mx\/contraloria\/wp-content\/uploads\/2020\/10\/Gaudencio-Dami\u00e1n-Cab-Ek.pdf\">Gaudencio Dami\u00e1n Cab Ek<\/a> <a href=\"http:\/\/ayuntamientodeprogreso.gob.mx\/contraloria\/wp-content\/uploads\/2020\/10\/Jos\u00e9-Efra\u00edn-Blanco-Moo.pdf\">Jos\u00e9 Efra\u00edn Blanco Moo<\/a> <a href=\"http:\/\/ayuntamientodeprogreso.gob.mx\/contraloria\/wp-content\/uploads\/2020\/10\/Jos\u00e9-Roberto-Palma-Betancourt.pdf\">Jos\u00e9 Roberto Palma Betancourt<\/a><\/p>\n<p>&nbsp;<\/p>\n<p>Directores:\u00a0<a href=\"http:\/\/ayuntamientodeprogreso.gob.mx\/contraloria\/wp-content\/uploads\/2020\/10\/Al\u00ed-Yamil-Dib-Mu\u00f1oz.pdf\">Al\u00ed Yamil Dib Mu\u00f1oz<\/a> <a href=\"http:\/\/ayuntamientodeprogreso.gob.mx\/contraloria\/wp-content\/uploads\/2020\/10\/Carlos-Mart\u00edn-P\u00e9rez-Vidal.pdf\">Carlos Mart\u00edn P\u00e9rez Vidal<\/a> <a href=\"http:\/\/ayuntamientodeprogreso.gob.mx\/contraloria\/wp-content\/uploads\/2020\/10\/Carolina-de-F\u00e1tima-Jim\u00e9nez-Tec.pdf\">Carolina de F\u00e1tima Jim\u00e9nez Tec<\/a> <a href=\"http:\/\/ayuntamientodeprogreso.gob.mx\/contraloria\/wp-content\/uploads\/2020\/10\/Dianela-del-Carmen-N\u00fa\u00f1ez-Castro.pdf\">Dianela del Carmen N\u00fa\u00f1ez Castro<\/a> <a href=\"http:\/\/ayuntamientodeprogreso.gob.mx\/contraloria\/wp-content\/uploads\/2020\/10\/Dulce-Mar\u00eda-Soberanis-Gamboa.pdf\">Dulce Mar\u00eda Soberanis Gamboa<\/a> <a href=\"http:\/\/ayuntamientodeprogreso.gob.mx\/contraloria\/wp-content\/uploads\/2020\/10\/Emilio-Javier-G\u00f3ngora-Orteg\u00f3n.pdf\">Emilio Javier G\u00f3ngora Orteg\u00f3n<\/a> <a href=\"http:\/\/ayuntamientodeprogreso.gob.mx\/contraloria\/wp-content\/uploads\/2020\/10\/Emilio-Ra\u00fal-Caamal-Guti\u00e9rrez.pdf\">Emilio Ra\u00fal Caamal Guti\u00e9rrez<\/a> <a href=\"http:\/\/ayuntamientodeprogreso.gob.mx\/contraloria\/wp-content\/uploads\/2020\/10\/Eric-Jonathan-Castillo-Romero.pdf\">Eric Jonathan Castillo Romero<\/a> <a href=\"http:\/\/ayuntamientodeprogreso.gob.mx\/contraloria\/wp-content\/uploads\/2020\/10\/Erik-Jos\u00e9-Rihani-Gonz\u00e1lez.pdf\">Erik Jos\u00e9 Rihani Gonz\u00e1lez<\/a> <a href=\"http:\/\/ayuntamientodeprogreso.gob.mx\/contraloria\/wp-content\/uploads\/2020\/10\/Felipe-de-Jes\u00fas-Pech-Gonz\u00e1lez.pdf\">Felipe de Jes\u00fas Pech Gonz\u00e1lez<\/a> <a href=\"http:\/\/ayuntamientodeprogreso.gob.mx\/contraloria\/wp-content\/uploads\/2020\/10\/Harly-Vanessa-Alcal\u00e1-D\u00edaz.pdf\">Harly Vanessa Alcal\u00e1 D\u00edaz<\/a> <a href=\"http:\/\/ayuntamientodeprogreso.gob.mx\/contraloria\/wp-content\/uploads\/2020\/10\/Idelfia-Magdalena-Herrera-Miranda.pdf\">Idelfia Magdalena Herrera Miranda<\/a> <a href=\"http:\/\/ayuntamientodeprogreso.gob.mx\/contraloria\/wp-content\/uploads\/2020\/10\/Idelfia-Magdalena-Herrera-Miranda_Modificaci\u00f3n.pdf\">Idelfia Magdalena Herrera Miranda_Modificaci\u00f3n<\/a> <a href=\"http:\/\/ayuntamientodeprogreso.gob.mx\/contraloria\/wp-content\/uploads\/2020\/10\/Juan-Jos\u00e9-Fuentes-Aguilar.pdf\">Juan Jos\u00e9 Fuentes Aguilar<\/a> <a href=\"http:\/\/ayuntamientodeprogreso.gob.mx\/contraloria\/wp-content\/uploads\/2020\/10\/Juan-Jos\u00e9-Fuentes-Aguilar_2019.pdf\">Juan Jos\u00e9 Fuentes Aguilar_2019<\/a> <a href=\"http:\/\/ayuntamientodeprogreso.gob.mx\/contraloria\/wp-content\/uploads\/2020\/10\/Julio-Javier-Fleites-Amaya.pdf\">Julio Javier Fleites Amaya<\/a> <a href=\"http:\/\/ayuntamientodeprogreso.gob.mx\/contraloria\/wp-content\/uploads\/2020\/10\/Karim-Alberto-Dib-L\u00f3pez.pdf\">Karim Alberto Dib L\u00f3pez<\/a> <a href=\"http:\/\/ayuntamientodeprogreso.gob.mx\/contraloria\/wp-content\/uploads\/2020\/10\/Karim-Alberto-Dib-L\u00f3pez_2019.pdf\">Karim Alberto Dib L\u00f3pez_2019<\/a> <a href=\"http:\/\/ayuntamientodeprogreso.gob.mx\/contraloria\/wp-content\/uploads\/2020\/10\/Luis-Alberto-Castro-Naal.pdf\">Luis Alberto Castro Naal<\/a> <a href=\"http:\/\/ayuntamientodeprogreso.gob.mx\/contraloria\/wp-content\/uploads\/2020\/10\/Luis-Alberto-Castro-Naal_2019.pdf\">Luis Alberto Castro Naal_2019<\/a> <a href=\"http:\/\/ayuntamientodeprogreso.gob.mx\/contraloria\/wp-content\/uploads\/2020\/10\/Mabel-Eugenia-Aguirre-Quinto.pdf\">Mabel Eugenia Aguirre Quinto<\/a> <a href=\"http:\/\/ayuntamientodeprogreso.gob.mx\/contraloria\/wp-content\/uploads\/2020\/10\/Manuel-Jes\u00fas-Rosado-Heredia.pdf\">Manuel Jes\u00fas Rosado Heredia<\/a> <a href=\"http:\/\/ayuntamientodeprogreso.gob.mx\/contraloria\/wp-content\/uploads\/2020\/10\/Miguel-Roberto-Kum\u00e1n-Be.pdf\">Miguel Roberto Kum\u00e1n Be<\/a> <a href=\"http:\/\/ayuntamientodeprogreso.gob.mx\/contraloria\/wp-content\/uploads\/2020\/10\/Miguel-Roberto-Kum\u00e1n-Be_2019.pdf\">Miguel Roberto Kum\u00e1n Be_2019<\/a> <a href=\"http:\/\/ayuntamientodeprogreso.gob.mx\/contraloria\/wp-content\/uploads\/2020\/10\/Patricia-Guadalupe-Rosado-Gonz\u00e1lez.pdf\">Patricia Guadalupe Rosado Gonz\u00e1lez<\/a> <a href=\"http:\/\/ayuntamientodeprogreso.gob.mx\/contraloria\/wp-content\/uploads\/2020\/10\/Roger-Antonio-G\u00f3mez-Orteg\u00f3n.pdf\">Roger Antonio G\u00f3mez Orteg\u00f3n<\/a> <a href=\"http:\/\/ayuntamientodeprogreso.gob.mx\/contraloria\/wp-content\/uploads\/2020\/10\/Roger-Antonio-G\u00f3mez-Orteg\u00f3n_2019.pdf\">Roger Antonio G\u00f3mez Orteg\u00f3n_2019<\/a> <a href=\"http:\/\/ayuntamientodeprogreso.gob.mx\/contraloria\/wp-content\/uploads\/2020\/10\/Yessica-Samantha-Molina-Roche.pdf\">Yessica Samantha Molina Roche<\/a> <a href=\"http:\/\/ayuntamientodeprogreso.gob.mx\/contraloria\/wp-content\/uploads\/2020\/10\/Yessica-Samantha-Molina-Roch\u00e9.pdf\">Yessica Samantha Molina Roch\u00e9<\/a> <a href=\"http:\/\/ayuntamientodeprogreso.gob.mx\/contraloria\/wp-content\/uploads\/2020\/10\/Yuly-Noem\u00ed-Maga\u00f1a-L\u00f3pez.pdf\">Yuly Noem\u00ed Maga\u00f1a L\u00f3pez<\/a> <a href=\"http:\/\/ayuntamientodeprogreso.gob.mx\/contraloria\/wp-content\/uploads\/2020\/10\/Yuly-Noem\u00ed-Maga\u00f1a-L\u00f3pez_2019.pdf\">Yuly Noem\u00ed Maga\u00f1a L\u00f3pez_2019<\/a><\/p>\n<p>&nbsp;<\/p>\n<p>Subdirectores:\u00a0<a href=\"http:\/\/ayuntamientodeprogreso.gob.mx\/contraloria\/wp-content\/uploads\/2020\/10\/Alfonso-Sostenes-\u00c1vila-Prado.pdf\">Alfonso Sostenes \u00c1vila Prado<\/a> <a href=\"http:\/\/ayuntamientodeprogreso.gob.mx\/contraloria\/wp-content\/uploads\/2020\/10\/Audrey-Esther-Woolley-Maldonado.pdf\">Audrey Esther Woolley Maldonado<\/a> <a href=\"http:\/\/ayuntamientodeprogreso.gob.mx\/contraloria\/wp-content\/uploads\/2020\/10\/Aurelio-Teodoro-Medina-P\u00e9rez.pdf\">Aurelio Teodoro Medina P\u00e9rez<\/a> <a href=\"http:\/\/ayuntamientodeprogreso.gob.mx\/contraloria\/wp-content\/uploads\/2020\/10\/Aurelio-Teodoro-Medina-P\u00e9rez_2019.pdf\">Aurelio Teodoro Medina P\u00e9rez_2019<\/a> <a href=\"http:\/\/ayuntamientodeprogreso.gob.mx\/contraloria\/wp-content\/uploads\/2020\/10\/Carlos-Alberto-S\u00e1enz-S\u00e1nchez.pdf\">Carlos Alberto S\u00e1enz S\u00e1nchez<\/a> <a href=\"http:\/\/ayuntamientodeprogreso.gob.mx\/contraloria\/wp-content\/uploads\/2020\/10\/Carlos-Mart\u00edn-P\u00e9rez-Vidal-1.pdf\">Carlos Mart\u00edn P\u00e9rez Vidal<\/a> <a href=\"http:\/\/ayuntamientodeprogreso.gob.mx\/contraloria\/wp-content\/uploads\/2020\/10\/Gabriela-Alejandra-Castilla-Blanco.pdf\">Gabriela Alejandra Castilla Blanco<\/a>\u00a0<a href=\"http:\/\/ayuntamientodeprogreso.gob.mx\/contraloria\/wp-content\/uploads\/2020\/10\/Gabriela-Mar\u00eda-Hevia-Mendoza.pdf\">Gabriela Mar\u00eda Hevia Mendoza<\/a>\u00a0<a href=\"http:\/\/ayuntamientodeprogreso.gob.mx\/contraloria\/wp-content\/uploads\/2020\/10\/Herbert-Santiago-Pech-Baquedano.pdf\">Herbert Santiago Pech Baquedano<\/a> <a href=\"http:\/\/ayuntamientodeprogreso.gob.mx\/contraloria\/wp-content\/uploads\/2020\/10\/Ilse-Gabriela-Rubio-Medina.pdf\">Ilse Gabriela Rubio Medina<\/a> <a href=\"http:\/\/ayuntamientodeprogreso.gob.mx\/contraloria\/wp-content\/uploads\/2020\/10\/Iresine-Sol\u00eds-Hern\u00e1ndez.pdf\">Iresine Sol\u00eds Hern\u00e1ndez<\/a> <a href=\"http:\/\/ayuntamientodeprogreso.gob.mx\/contraloria\/wp-content\/uploads\/2020\/10\/Irma-Noelia-Y\u00e1\u00f1ez-G\u00e1lvez.pdf\">Irma Noelia Y\u00e1\u00f1ez G\u00e1lvez<\/a> <a href=\"http:\/\/ayuntamientodeprogreso.gob.mx\/contraloria\/wp-content\/uploads\/2020\/10\/Jessica-Esmeralda-Benitez-Rivas.pdf\">Jessica Esmeralda Benitez Rivas<\/a> <a href=\"http:\/\/ayuntamientodeprogreso.gob.mx\/contraloria\/wp-content\/uploads\/2020\/10\/Jocelyn-Nazareth-Sol\u00eds-Canto.pdf\">Jocelyn Nazareth Sol\u00eds Canto<\/a> <a href=\"http:\/\/ayuntamientodeprogreso.gob.mx\/contraloria\/wp-content\/uploads\/2020\/10\/Jorge-Alejandro-Estrada-Chac\u00f3n.pdf\">Jorge Alejandro Estrada Chac\u00f3n<\/a> <a href=\"http:\/\/ayuntamientodeprogreso.gob.mx\/contraloria\/wp-content\/uploads\/2020\/10\/Julio-C\u00e9sar-Mart\u00ednez-Mart\u00ednez.pdf\">Julio C\u00e9sar Mart\u00ednez Mart\u00ednez<\/a> <a href=\"http:\/\/ayuntamientodeprogreso.gob.mx\/contraloria\/wp-content\/uploads\/2020\/10\/Lidia-Esther-Peraza-Perera.pdf\">Lidia Esther Peraza Perera<\/a> <a href=\"http:\/\/ayuntamientodeprogreso.gob.mx\/contraloria\/wp-content\/uploads\/2020\/10\/Manuel-Jes\u00fas-F\u00e9lix-Osorio.pdf\">Manuel Jes\u00fas F\u00e9lix Osorio<\/a> <a href=\"http:\/\/ayuntamientodeprogreso.gob.mx\/contraloria\/wp-content\/uploads\/2020\/10\/Mar\u00eda-Jos\u00e9-Ongay-Esquivel.pdf\">Mar\u00eda Jos\u00e9 Ongay Esquivel<\/a> <a href=\"http:\/\/ayuntamientodeprogreso.gob.mx\/contraloria\/wp-content\/uploads\/2020\/10\/Mario-Arturo-G\u00f3mez-Mil\u00e1n.pdf\">Mario Arturo G\u00f3mez Mil\u00e1n<\/a> <a href=\"http:\/\/ayuntamientodeprogreso.gob.mx\/contraloria\/wp-content\/uploads\/2020\/10\/Nancy-Liliana-Palma-Madero.pdf\">Nancy Liliana Palma Madero<\/a>\u00a0\u00a0<a href=\"http:\/\/ayuntamientodeprogreso.gob.mx\/contraloria\/wp-content\/uploads\/2020\/10\/Obdulio-Delaney-Mena-S\u00e1nchez_2019.pdf\">Obdulio Delaney Mena S\u00e1nchez_2019<\/a>\u00a0<a href=\"http:\/\/ayuntamientodeprogreso.gob.mx\/contraloria\/wp-content\/uploads\/2020\/10\/Obdulio-Delaney-Mena-S\u00e1nchez.pdf\">Obdulio Delaney Mena S\u00e1nchez<\/a> <a href=\"http:\/\/ayuntamientodeprogreso.gob.mx\/contraloria\/wp-content\/uploads\/2020\/10\/Omar-David-Ramos-Povedano.pdf\">Omar David Ramos Povedano<\/a><\/p>\n<p>&nbsp;<\/p>\n<p><a href=\"http:\/\/ayuntamientodeprogreso.gob.mx\/contraloria\/wp-content\/uploads\/2020\/10\/Andr\u00e9s-Felipe-Gonz\u00e1lez-D\u00edaz.pdf\">Andr\u00e9s Felipe Gonz\u00e1lez D\u00edaz<\/a> <a href=\"http:\/\/ayuntamientodeprogreso.gob.mx\/contraloria\/wp-content\/uploads\/2020\/10\/Blanca-Estrella-Li-Ortega.pdf\">Blanca Estrella Li Ortega<\/a>\u00a0<a href=\"http:\/\/ayuntamientodeprogreso.gob.mx\/contraloria\/wp-content\/uploads\/2020\/11\/Carmen-Yolanda-Ricalde-Jim\u00e9nez.pdf\">Carmen Yolanda Ricalde Jim\u00e9nez<\/a>\u00a0<a href=\"http:\/\/ayuntamientodeprogreso.gob.mx\/contraloria\/wp-content\/uploads\/2020\/10\/Carmen-Yolanda-Ricalde-Jim\u00e9nez_2019.pdf\">Carmen Yolanda Ricalde Jim\u00e9nez_2019<\/a>\u00a0<a href=\"http:\/\/ayuntamientodeprogreso.gob.mx\/contraloria\/wp-content\/uploads\/2020\/10\/Mar\u00edateresa-G\u00f3nzalez-Ramos.pdf\">Mar\u00edateresa G\u00f3nzalez Ramos<\/a> <a href=\"http:\/\/ayuntamientodeprogreso.gob.mx\/contraloria\/wp-content\/uploads\/2020\/10\/Nora-Patricia-Quijano-Baqueiro.pdf\">Nora Patricia Quijano Baqueiro<\/a><\/p>\n","protected":false},"excerpt":{"rendered":"<p>Cabildo:\u00a0Juli\u00e1n Zacar\u00edas Curi Elda Margarita Hevia Li_2019 Elda Margarita Hevia Li Jos\u00e9 Alfredo Salazar Rojo_2019 Jos\u00e9 Alfredo Salazar Rojo Geovana Leticia Ganzo Le\u00f3n Franklin Antonio Franco S\u00e1nchez Guadalupe Ivone Rassam Jim\u00e9nez Mauricio Jos\u00e9 Pard\u00edo Cortez Jorge Carlos Anatolio M\u00e9ndez Basto Ver\u00f3nica Goretty Irigoyen Ocampo Luis Armando Reyes Maldonado Patricia del Pilar Sauri Barroso &nbsp; Comisarios:\u00a0Bianey [&hellip;]<\/p>\n","protected":false},"author":1,"featured_media":0,"comment_status":"closed","ping_status":"closed","sticky":false,"template":"","format":"standard","meta":{"footnotes":""},"categories":[1],"tags":[],"_links":{"self":[{"href":"https:\/\/ayuntamientodeprogreso.gob.mx\/contraloria\/wp-json\/wp\/v2\/posts\/1004"}],"collection":[{"href":"https:\/\/ayuntamientodeprogreso.gob.mx\/contraloria\/wp-json\/wp\/v2\/posts"}],"about":[{"href":"https:\/\/ayuntamientodeprogreso.gob.mx\/contraloria\/wp-json\/wp\/v2\/types\/post"}],"author":[{"embeddable":true,"href":"https:\/\/ayuntamientodeprogreso.gob.mx\/contraloria\/wp-json\/wp\/v2\/users\/1"}],"replies":[{"embeddable":true,"href":"https:\/\/ayuntamientodeprogreso.gob.mx\/contraloria\/wp-json\/wp\/v2\/comments?post=1004"}],"version-history":[{"count":4,"href":"https:\/\/ayuntamientodeprogreso.gob.mx\/contraloria\/wp-json\/wp\/v2\/posts\/1004\/revisions"}],"predecessor-version":[{"id":1079,"href":"https:\/\/ayuntamientodeprogreso.gob.mx\/contraloria\/wp-json\/wp\/v2\/posts\/1004\/revisions\/1079"}],"wp:attachment":[{"href":"https:\/\/ayuntamientodeprogreso.gob.mx\/contraloria\/wp-json\/wp\/v2\/media?parent=1004"}],"wp:term":[{"taxonomy":"category","embeddable":true,"href":"https:\/\/ayuntamientodeprogreso.gob.mx\/contraloria\/wp-json\/wp\/v2\/categories?post=1004"},{"taxonomy":"post_tag","embeddable":true,"href":"https:\/\/ayuntamientodeprogreso.gob.mx\/contraloria\/wp-json\/wp\/v2\/tags?post=1004"}],"curies":[{"name":"wp","href":"https:\/\/api.w.org\/{rel}","templated":true}]}}